{"id":1005,"date":"2023-09-04T11:26:57","date_gmt":"2023-09-04T08:26:57","guid":{"rendered":"https:\/\/kulosaarenliikuntaseura.fi\/?p=1005"},"modified":"2023-09-04T11:26:57","modified_gmt":"2023-09-04T08:26:57","slug":"satu-ja-telinejumppa-alkaa-tiistaina-5-9-huom-muuttunut-aloitusaika","status":"publish","type":"post","link":"https:\/\/kulosaarenliikuntaseura.fi\/sv\/2023\/09\/04\/satu-ja-telinejumppa-alkaa-tiistaina-5-9-huom-muuttunut-aloitusaika\/","title":{"rendered":"Sago- och redskapsgymnastiken b\u00f6rjar tisdagen 5.9.! Observera den nya tiden"},"content":{"rendered":"<p>HUOM! Satujumpan ja telinejumpan \/ teamgymin tiistain aikataulut siirtyv\u00e4 alkamaan 15 min my\u00f6hemmin eli satujumppa klo 17.30 ja Teline \/ tg klo 18.15. T\u00e4m\u00e4 siit\u00e4 syyst\u00e4 ett\u00e4 koulun oma toiminta p\u00e4\u00e4ttyy niin my\u00f6h\u00e4\u00e4n, ett\u00e4 p\u00e4\u00e4semme aloittamaan tunnit klo 17.30.\u00a0<\/p>\n\n\n\n<p>Lasten tunnit alkavat tiistaina 5.9.2023.Tunnit pidet\u00e4\u00e4n Kulosaaren Yhteiskoulun liikuntahallissa. Kulku halliin tapahtuu Svinhufvudin kujaa pitkin. Kujaa kun kulkee ihan loppuun asti niin sielt\u00e4 l\u00f6ytyy liikuntahalli.&nbsp;<\/p>\n\n\n\n<p>Koulun p\u00e4\u00e4ovien puolelta eli St\u00e5hlberginkujan puolelta ei p\u00e4\u00e4se kulkemaan halliin \/ saleihin.&nbsp;<\/p>\n\n\n\n<p>Halliin ovet on lukossa ja ohjaajat tulevat avaamaan ovet n.10 min ennen tunnin alkua.&nbsp;Lapsia ei voi j\u00e4\u00e4d\u00e4 odottamaan hallin tiloihin, koska siell\u00e4 ei ole odotus tiloja ja jumppiin tulevia lapsia on paljon liikkeell\u00e4. Ihan hallin vieress\u00e4, koulun kirjastossa, on Kulosaarelaiset ry:n vapaaehtoisten&nbsp; auki pit\u00e4m\u00e4 kirjasto &#8221;lukutupa&#8221;, joka on auki ti ja to klo 16.00-19.00 ja sinne voi menn\u00e4 lukemaan \/odottamaan \ud83d\ude42&nbsp;<\/p>\n\n\n\n<p>Samaan aikaan ja samassa hallissa telinejumpan \/ teamgymin kanssa, on meid\u00e4n seuralla tarjolla kahvakuula treeni klo 18-19.00, johon aikuiset voivat halutessaan ilmoittautua mukaan :). Lasten tuntien siirrosta johtuen aikuisten tunti alkaa hieman aikaisemmin, mutta lapsi voi tulla hallille jo klo 18 \ud83d\ude42<\/p>\n\n\n\n<p><a href=\"https:\/\/go.hoika.net\/user\/Default.aspx\">https:\/\/go.hoika.net\/user\/Default.aspx<\/a><\/p>\n\n\n\n<p>Lapsien kannattaa olla tunneilla paljain jaloin tai jos haluaa pit\u00e4\u00e4 tossuja tms. tulisi niiden olla pohjastaan pit\u00e4v\u00e4t ja joustavat. Sukkasillaan ei voi tunneilla olla. Jumppassa asuksi k\u00e4y mik\u00e4 vaan joustava vaatetus esim. jumppapuku, shortsit ja t-paita, trikoot jne. Pitk\u00e4t hiukset tulee olla kiinni. Korut, kellot ym. on hyv\u00e4 j\u00e4tt\u00e4\u00e4 kotiin.<\/p>\n\n\n\n<p>Pukuhuoneita on kaksi ja satujumppalaiset k\u00e4ytt\u00e4v\u00e4t sis\u00e4\u00e4ntullessa oikealla olevaa ensimm\u00e4ist\u00e4 pukuhuonetta ja teline \/ tg toista, l\u00e4hemp\u00e4n\u00e4 salia olevaa pukuhuonetta. Kengille on aulassa hyllyt mihin ne voi j\u00e4tt\u00e4\u00e4 ennen pukuhuoneeseen menoa.<\/p>\n\n\n\n<p>Mukavaa alkanutta syyskuuta!<\/p>\n\n\n\n<p>Tervetuloa tunneille!<\/p>\n\n\n\n<p>Kulosaaren Liikuntaseuran ohjaajat<\/p>","protected":false},"excerpt":{"rendered":"<p>HUOM! Satujumpan ja telinejumpan \/ teamgymin tiistain aikataulut siirtyv\u00e4 alkamaan 15 min my\u00f6hemmin eli satujumppa klo 17.30 ja Teline \/ tg klo 18.15. T\u00e4m\u00e4 siit\u00e4 syyst\u00e4 ett\u00e4 koulun oma toiminta p\u00e4\u00e4ttyy niin my\u00f6h\u00e4\u00e4n, ett\u00e4 p\u00e4\u00e4semme aloittamaan tunnit klo 17.30.\u00a0 Lasten tunnit alkavat tiistaina 5.9.2023.Tunnit pidet\u00e4\u00e4n Kulosaaren Yhteiskoulun liikuntahallissa. Kulku halliin tapahtuu Svinhufvudin kujaa pitkin. Kujaa [&hellip;]<\/p>","protected":false},"author":1,"featured_media":0,"comment_status":"closed","ping_status":"open","sticky":false,"template":"","format":"standard","meta":[],"categories":[1],"tags":[],"jetpack_featured_media_url":"","_links":{"self":[{"href":"https:\/\/kulosaarenliikuntaseura.fi\/sv\/wp-json\/wp\/v2\/posts\/1005"}],"collection":[{"href":"https:\/\/kulosaarenliikuntaseura.fi\/sv\/wp-json\/wp\/v2\/posts"}],"about":[{"href":"https:\/\/kulosaarenliikuntaseura.fi\/sv\/wp-json\/wp\/v2\/types\/post"}],"author":[{"embeddable":true,"href":"https:\/\/kulosaarenliikuntaseura.fi\/sv\/wp-json\/wp\/v2\/users\/1"}],"replies":[{"embeddable":true,"href":"https:\/\/kulosaarenliikuntaseura.fi\/sv\/wp-json\/wp\/v2\/comments?post=1005"}],"version-history":[{"count":1,"href":"https:\/\/kulosaarenliikuntaseura.fi\/sv\/wp-json\/wp\/v2\/posts\/1005\/revisions"}],"predecessor-version":[{"id":1006,"href":"https:\/\/kulosaarenliikuntaseura.fi\/sv\/wp-json\/wp\/v2\/posts\/1005\/revisions\/1006"}],"wp:attachment":[{"href":"https:\/\/kulosaarenliikuntaseura.fi\/sv\/wp-json\/wp\/v2\/media?parent=1005"}],"wp:term":[{"taxonomy":"category","embeddable":true,"href":"https:\/\/kulosaarenliikuntaseura.fi\/sv\/wp-json\/wp\/v2\/categories?post=1005"},{"taxonomy":"post_tag","embeddable":true,"href":"https:\/\/kulosaarenliikuntaseura.fi\/sv\/wp-json\/wp\/v2\/tags?post=1005"}],"curies":[{"name":"wp","href":"https:\/\/api.w.org\/{rel}","templated":true}]}}