{"id":1163,"date":"2025-01-28T12:15:08","date_gmt":"2025-01-28T10:15:08","guid":{"rendered":"https:\/\/kulosaarenliikuntaseura.fi\/?p=1163"},"modified":"2025-01-28T12:17:55","modified_gmt":"2025-01-28T10:17:55","slug":"kevatkausi-2025-startannut","status":"publish","type":"post","link":"https:\/\/kulosaarenliikuntaseura.fi\/sv\/2025\/01\/28\/kevatkausi-2025-startannut\/","title":{"rendered":"Kev\u00e4tkausi 2025 startannut!"},"content":{"rendered":"<p>Kev\u00e4tkausi on startannut mukavasti liikunnan merkeiss\u00e4! Muista k\u00e4yd\u00e4 ilmoittautumassa mukaan ryhmiin: https:\/\/go.hoika.net\/public\/Login.aspx<br><\/p>\n\n\n\n<p>Muistutuksena kev\u00e4\u00e4n poikkeusp\u00e4iv\u00e4m\u00e4\u00e4ri\u00e4, jolloin koulun salit eiv\u00e4t ole meid\u00e4n k\u00e4yt\u00f6ss\u00e4: koulun vanhojentanssit ja penkkarit 5-6.2., hiihtolomaviikko 17-23.2., p\u00e4\u00e4si\u00e4inen 17-21.4., koulun kev\u00e4tkonsertti ja vappu 29.4.-1.5.<\/p>","protected":false},"excerpt":{"rendered":"<p>Kev\u00e4tkausi on startannut mukavasti liikunnan merkeiss\u00e4! Muista k\u00e4yd\u00e4 ilmoittautumassa mukaan ryhmiin: https:\/\/go.hoika.net\/public\/Login.aspx Muistutuksena kev\u00e4\u00e4n poikkeusp\u00e4iv\u00e4m\u00e4\u00e4ri\u00e4, jolloin koulun salit eiv\u00e4t ole meid\u00e4n k\u00e4yt\u00f6ss\u00e4: koulun vanhojentanssit ja penkkarit 5-6.2., hiihtolomaviikko 17-23.2., p\u00e4\u00e4si\u00e4inen 17-21.4., koulun kev\u00e4tkonsertti ja vappu 29.4.-1.5.<\/p>","protected":false},"author":1,"featured_media":0,"comment_status":"closed","ping_status":"open","sticky":false,"template":"","format":"standard","meta":[],"categories":[1],"tags":[],"jetpack_featured_media_url":"","_links":{"self":[{"href":"https:\/\/kulosaarenliikuntaseura.fi\/sv\/wp-json\/wp\/v2\/posts\/1163"}],"collection":[{"href":"https:\/\/kulosaarenliikuntaseura.fi\/sv\/wp-json\/wp\/v2\/posts"}],"about":[{"href":"https:\/\/kulosaarenliikuntaseura.fi\/sv\/wp-json\/wp\/v2\/types\/post"}],"author":[{"embeddable":true,"href":"https:\/\/kulosaarenliikuntaseura.fi\/sv\/wp-json\/wp\/v2\/users\/1"}],"replies":[{"embeddable":true,"href":"https:\/\/kulosaarenliikuntaseura.fi\/sv\/wp-json\/wp\/v2\/comments?post=1163"}],"version-history":[{"count":2,"href":"https:\/\/kulosaarenliikuntaseura.fi\/sv\/wp-json\/wp\/v2\/posts\/1163\/revisions"}],"predecessor-version":[{"id":1165,"href":"https:\/\/kulosaarenliikuntaseura.fi\/sv\/wp-json\/wp\/v2\/posts\/1163\/revisions\/1165"}],"wp:attachment":[{"href":"https:\/\/kulosaarenliikuntaseura.fi\/sv\/wp-json\/wp\/v2\/media?parent=1163"}],"wp:term":[{"taxonomy":"category","embeddable":true,"href":"https:\/\/kulosaarenliikuntaseura.fi\/sv\/wp-json\/wp\/v2\/categories?post=1163"},{"taxonomy":"post_tag","embeddable":true,"href":"https:\/\/kulosaarenliikuntaseura.fi\/sv\/wp-json\/wp\/v2\/tags?post=1163"}],"curies":[{"name":"wp","href":"https:\/\/api.w.org\/{rel}","templated":true}]}}